{"id":1553,"date":"2017-12-19T21:28:27","date_gmt":"2017-12-19T20:28:27","guid":{"rendered":"http:\/\/godbanm.splet.arnes.si\/?p=1553"},"modified":"2017-12-19T21:28:27","modified_gmt":"2017-12-19T20:28:27","slug":"gremo-v-kino","status":"publish","type":"post","link":"https:\/\/godbanm.si\/?p=1553","title":{"rendered":"GREMO V KINO"},"content":{"rendered":"<div class=\"gmail_quote\" style=\"text-align: left\"><strong>V DVOJE: Mestna godba Novo mesto in Pihalni orkester Komen<\/strong><\/div>\n<div class=\"gmail_quote\" style=\"text-align: left\"><\/div>\n<p class=\"gmail_quote\" style=\"text-align: left\">\n<div class=\"gmail_quote\" style=\"text-align: left\"><strong>Kulturni center Janeza Trdine Novo mesto<\/strong><\/div>\n<div class=\"gmail_quote\" style=\"text-align: left\"><\/div>\n<p class=\"gmail_quote\" style=\"text-align: left\">\n<div class=\"gmail_quote\" style=\"text-align: left\"><strong>20. 1. 2018 ob 18.00<\/strong><\/div>\n<div class=\"gmail_quote\" style=\"text-align: left\"><\/div>\n<p>&nbsp;<\/p>\n<div dir=\"ltr\" style=\"text-align: left\">Mestna godba Novo mesto v letu 2018 praznuje \u017ee 190 let delovanja v Novem mestu. Osrednje dogajanje je postavljeno v za\u010detek junija. Tako bomo v petek, 1. 6. 2018, izvedli slavnostni koncert, naslednji dan pa bo potekalo mednarodno sre\u010danje godb v Novem mestu. Da bo praznovanje popolno, bo v mesecu maju 2018 odprta tudi razstava v Dolenjskem muzeju, ki bo podrobneje predstavila razvoj novome\u0161ke godbe od njenih za\u010detkov do danes.<\/div>\n<p dir=\"ltr\" style=\"text-align: left\">\n<div dir=\"ltr\" style=\"text-align: left\">Svojo visoko obletnico delovanja bomo otvorili \u017ee 20. 1. 2018 s koncertom filmske glasbe. Projekt Gremo v kino smo pred dvema letoma &#8220;predvajali&#8221; v eni novome\u0161kih kinodvoran, tokrat pa koncert ponujamo v okrepljeni igralski zasedbi.\u00a0 Dirigentsko pali\u010dico bosta vihtela dva dirigenta, v goste smo namre\u010d povabili prijateljski Pihalni orkester Komen. Skupaj bomo predstavili \u0161irok opus svetovne filmske glasbe.<\/div>\n<p dir=\"ltr\" style=\"text-align: left\">\n<div dir=\"ltr\" style=\"text-align: left\">Vabljeni!<\/div>\n<div class=\"grammarly-disable-indicator\"><\/div>\n","protected":false},"excerpt":{"rendered":"<p>V DVOJE: Mestna godba Novo mesto in Pihalni orkester Komen Kulturni center Janeza Trdine Novo mesto 20. 1. 2018 ob 18.00 &nbsp; Mestna godba Novo mesto v letu 2018 praznuje \u017ee 190 let delovanja v Novem mestu. Osrednje dogajanje je postavljeno v za\u010detek junija. Tako bomo v petek, 1. 6. 2018, izvedli slavnostni koncert, naslednji &hellip; <a href=\"https:\/\/godbanm.si\/?p=1553\" class=\"more-link\">Continue reading <span class=\"screen-reader-text\">GREMO V KINO<\/span> <span class=\"meta-nav\">&rarr;<\/span><\/a><\/p>\n","protected":false},"author":10690,"featured_media":0,"comment_status":"open","ping_status":"open","sticky":false,"template":"","format":"standard","meta":{"footnotes":""},"categories":[1],"tags":[],"class_list":["post-1553","post","type-post","status-publish","format-standard","hentry","category-nekategorizirano"],"_links":{"self":[{"href":"https:\/\/godbanm.si\/index.php?rest_route=\/wp\/v2\/posts\/1553","targetHints":{"allow":["GET"]}}],"collection":[{"href":"https:\/\/godbanm.si\/index.php?rest_route=\/wp\/v2\/posts"}],"about":[{"href":"https:\/\/godbanm.si\/index.php?rest_route=\/wp\/v2\/types\/post"}],"author":[{"embeddable":true,"href":"https:\/\/godbanm.si\/index.php?rest_route=\/wp\/v2\/users\/10690"}],"replies":[{"embeddable":true,"href":"https:\/\/godbanm.si\/index.php?rest_route=%2Fwp%2Fv2%2Fcomments&post=1553"}],"version-history":[{"count":11,"href":"https:\/\/godbanm.si\/index.php?rest_route=\/wp\/v2\/posts\/1553\/revisions"}],"predecessor-version":[{"id":1575,"href":"https:\/\/godbanm.si\/index.php?rest_route=\/wp\/v2\/posts\/1553\/revisions\/1575"}],"wp:attachment":[{"href":"https:\/\/godbanm.si\/index.php?rest_route=%2Fwp%2Fv2%2Fmedia&parent=1553"}],"wp:term":[{"taxonomy":"category","embeddable":true,"href":"https:\/\/godbanm.si\/index.php?rest_route=%2Fwp%2Fv2%2Fcategories&post=1553"},{"taxonomy":"post_tag","embeddable":true,"href":"https:\/\/godbanm.si\/index.php?rest_route=%2Fwp%2Fv2%2Ftags&post=1553"}],"curies":[{"name":"wp","href":"https:\/\/api.w.org\/{rel}","templated":true}]}}